{"id":1184,"date":"2004-01-14T19:12:26","date_gmt":"2004-01-14T18:12:26","guid":{"rendered":"https:\/\/www.clubclayregazzoni.it\/wps\/?p=1184"},"modified":"2023-05-01T19:13:05","modified_gmt":"2023-05-01T17:13:05","slug":"al-via-il-gran-premio-benefico","status":"publish","type":"post","link":"https:\/\/www.clubclayregazzoni.it\/wps\/index.php\/2004\/01\/14\/al-via-il-gran-premio-benefico\/","title":{"rendered":"Al via il gran premio benefico"},"content":{"rendered":"<p>Testata: <strong>Il Cittadino<\/strong>.<\/p>\n<p>\u00abUn finale d&#8217;anno alla grande e per il prossimo anno ci aspettano ancora pi\u00f9 gran premi. Tutti, come sempre, per aiutare la ricerca nel campo della paraplegia\u00bb: parla Giacomo Tansini, presidente del club Clay Regazzoni di Paullo. \u00abPer iniziare con il piede giusto il 2004 &#8211; spiega Tansini &#8211; abbiamo incontrato il cardinale Dionigi Tettamanzi di Milano nell&#8217;appuntamento che ha voluto offrire agli sportivi. Sono stati momenti indimenticabili, al Palalido poche ore prima di Natale. Con noi \u00e8 arrivato anche Ivan capelli, ex pilota di Formula Uno della Ferrari. C&#8217;erano oltre 9 mila persone. E per il 2004 abbiamo gi\u00e0 steso il programma dei primi mesi. Il primo appuntamento \u00e8 fissato per il 25 aprile a Cadilana. Qui, insieme a don Luigi Avanti, porteremo in esposizione una macchina sportiva, una Maserati, una Lamborghini e, se non bastasse, anche una Ferrari autentica. Si tratter\u00e0 del primo Gran Premio dell&#8217;anno ma dell&#8217;ottavo tenuto a Cadilana. Si chiamano &#8220;Gran premio della solidariet\u00e0&#8221;: su queste auto daremo la possibilit\u00e0, a chi lo desidera, di fare giri panoramici del territorio. Sar\u00e0 possibile lasciare un offerta all&#8217;associazione con la certezza del fatto che tutto andr\u00e0 in beneficenza, persino il ricavato delle tessere di associazione, se ci si vorr\u00e0 associare\u00bb. Per il 2003 l&#8217;associazione ha raccolto 54 mila euro: tutto interamente devoluto al prof Giorgio Brunelli di Brescia, a don Beppe Tagariello di Imola, all&#8217;ospedale di Magenta, reparto uro paraplegia e all&#8217;associazione paraplegici di Mozzo, in provincia di Bergamo.<\/p>\n<p>&nbsp;<\/p>\n<p>&nbsp;<\/p>\n<p>&nbsp;<\/p>\n","protected":false},"excerpt":{"rendered":"<p>Il Cittadino<\/p>\n","protected":false},"author":1,"featured_media":0,"comment_status":"closed","ping_status":"open","sticky":false,"template":"","format":"standard","meta":{"disable_featured_image":false,"ngg_post_thumbnail":0,"footnotes":""},"categories":[5],"tags":[],"class_list":["post-1184","post","type-post","status-publish","format-standard","hentry","category-rassegna-stampa"],"_links":{"self":[{"href":"https:\/\/www.clubclayregazzoni.it\/wps\/index.php\/wp-json\/wp\/v2\/posts\/1184","targetHints":{"allow":["GET"]}}],"collection":[{"href":"https:\/\/www.clubclayregazzoni.it\/wps\/index.php\/wp-json\/wp\/v2\/posts"}],"about":[{"href":"https:\/\/www.clubclayregazzoni.it\/wps\/index.php\/wp-json\/wp\/v2\/types\/post"}],"author":[{"embeddable":true,"href":"https:\/\/www.clubclayregazzoni.it\/wps\/index.php\/wp-json\/wp\/v2\/users\/1"}],"replies":[{"embeddable":true,"href":"https:\/\/www.clubclayregazzoni.it\/wps\/index.php\/wp-json\/wp\/v2\/comments?post=1184"}],"version-history":[{"count":1,"href":"https:\/\/www.clubclayregazzoni.it\/wps\/index.php\/wp-json\/wp\/v2\/posts\/1184\/revisions"}],"predecessor-version":[{"id":1185,"href":"https:\/\/www.clubclayregazzoni.it\/wps\/index.php\/wp-json\/wp\/v2\/posts\/1184\/revisions\/1185"}],"wp:attachment":[{"href":"https:\/\/www.clubclayregazzoni.it\/wps\/index.php\/wp-json\/wp\/v2\/media?parent=1184"}],"wp:term":[{"taxonomy":"category","embeddable":true,"href":"https:\/\/www.clubclayregazzoni.it\/wps\/index.php\/wp-json\/wp\/v2\/categories?post=1184"},{"taxonomy":"post_tag","embeddable":true,"href":"https:\/\/www.clubclayregazzoni.it\/wps\/index.php\/wp-json\/wp\/v2\/tags?post=1184"}],"curies":[{"name":"wp","href":"https:\/\/api.w.org\/{rel}","templated":true}]}}