{"id":1784,"date":"2006-10-22T19:02:59","date_gmt":"2006-10-22T17:02:59","guid":{"rendered":"https:\/\/www.clubclayregazzoni.it\/wps\/?p=1784"},"modified":"2023-05-05T19:03:17","modified_gmt":"2023-05-05T17:03:17","slug":"ferrari-day-una-due-giorni-di-spettacoli-e-solidarieta","status":"publish","type":"post","link":"https:\/\/www.clubclayregazzoni.it\/wps\/index.php\/2006\/10\/22\/ferrari-day-una-due-giorni-di-spettacoli-e-solidarieta\/","title":{"rendered":"Ferrari day, una due giorni di spettacoli e solidariet\u00e0"},"content":{"rendered":"<p>Testata:&nbsp;<strong> Il Gazzettino<\/strong>.<\/p>\n<p>Cordignano. Due giornate per la Ferrari e per la solidariet\u00e0. Gli Amici della Ferrari di Cordignano, guidati da Maurizio Bit stanno aspettando in fibrillazione il 4 e 5 novembre prossimi, sabato e domenica, per dare vita a quella che si preannuncia come l&#8217;edizione pi\u00f9 spettacolare del convivio Amici della Ferrari, giunto alla dodicesima edizione e al 9. Ferrari Day. In programma nella &#8220;due giorni&#8221; che vedr\u00e0 una escursione in Friuli e nella vicina Slovenia, una serie di iniziative da renderla interessante sia per la finalit\u00e0 benefica, ma anche per stare insieme a campioni ed ex campioni, personaggi del mondo automobilistico e dello spettacolo, che si trasformano in testimonials d&#8217;eccezione. Cos\u00ec, accanto a Clay Regazzoni, Ivan Capelli, ex piloti, Edoardo Costa attore di Mediaset e pilota amatore, si aggiunge anche Giancarlo Minardi, padre della Minardi di Formula Uno. \u00c8 il caso di dire che proprio un pezzo del grande circuito internazionale dei motori si sposter\u00e0 a Godega S.Urbano, dove oltre al convivio di sabato sera a Cormons con i meccanici Ferrari, \u00e8 prevista anche una prova\/esibizione dedicata alla memoria di Umberto Masetti, due volte campione del mondo di motociclismo con la mitica Gilera e recentemente scomparso. Si svolger\u00e0 al campo fiera di Godega dove sar\u00e0 allestita una vera e propria pista di 600 metri, con due rettilinei e sei curve. Saranno raccolti fondi per Aiutiamo la paraplegia sostenuta da Clay Regazzoni, Sostegno 70 di cui \u00e8 testimonial Ivan Capelli, commentatore Rai ed ex pilota, e Ciak &#8211; Let&#8217;s Build for their life sostenuta da Edoardo Costa. (Fulvio Fioretti)<\/p>\n<p>&nbsp;<\/p>\n","protected":false},"excerpt":{"rendered":"<p>Il Gazzettino<\/p>\n","protected":false},"author":1,"featured_media":0,"comment_status":"closed","ping_status":"open","sticky":false,"template":"","format":"standard","meta":{"disable_featured_image":false,"ngg_post_thumbnail":0,"footnotes":""},"categories":[5],"tags":[],"class_list":["post-1784","post","type-post","status-publish","format-standard","hentry","category-rassegna-stampa"],"_links":{"self":[{"href":"https:\/\/www.clubclayregazzoni.it\/wps\/index.php\/wp-json\/wp\/v2\/posts\/1784","targetHints":{"allow":["GET"]}}],"collection":[{"href":"https:\/\/www.clubclayregazzoni.it\/wps\/index.php\/wp-json\/wp\/v2\/posts"}],"about":[{"href":"https:\/\/www.clubclayregazzoni.it\/wps\/index.php\/wp-json\/wp\/v2\/types\/post"}],"author":[{"embeddable":true,"href":"https:\/\/www.clubclayregazzoni.it\/wps\/index.php\/wp-json\/wp\/v2\/users\/1"}],"replies":[{"embeddable":true,"href":"https:\/\/www.clubclayregazzoni.it\/wps\/index.php\/wp-json\/wp\/v2\/comments?post=1784"}],"version-history":[{"count":1,"href":"https:\/\/www.clubclayregazzoni.it\/wps\/index.php\/wp-json\/wp\/v2\/posts\/1784\/revisions"}],"predecessor-version":[{"id":1785,"href":"https:\/\/www.clubclayregazzoni.it\/wps\/index.php\/wp-json\/wp\/v2\/posts\/1784\/revisions\/1785"}],"wp:attachment":[{"href":"https:\/\/www.clubclayregazzoni.it\/wps\/index.php\/wp-json\/wp\/v2\/media?parent=1784"}],"wp:term":[{"taxonomy":"category","embeddable":true,"href":"https:\/\/www.clubclayregazzoni.it\/wps\/index.php\/wp-json\/wp\/v2\/categories?post=1784"},{"taxonomy":"post_tag","embeddable":true,"href":"https:\/\/www.clubclayregazzoni.it\/wps\/index.php\/wp-json\/wp\/v2\/tags?post=1784"}],"curies":[{"name":"wp","href":"https:\/\/api.w.org\/{rel}","templated":true}]}}