{"id":1902,"date":"2005-04-23T19:03:00","date_gmt":"2005-04-23T17:03:00","guid":{"rendered":"https:\/\/www.clubclayregazzoni.it\/wps\/?p=1902"},"modified":"2023-05-07T19:03:28","modified_gmt":"2023-05-07T17:03:28","slug":"paullo-festa-per-i-ventaanni-del-minardi","status":"publish","type":"post","link":"https:\/\/www.clubclayregazzoni.it\/wps\/index.php\/2005\/04\/23\/paullo-festa-per-i-ventaanni-del-minardi\/","title":{"rendered":"Paullo, festa per i vent\u00e2&#8217;anni del Minardi"},"content":{"rendered":"<p>Testata:&nbsp;<strong> Il Giorno.<br \/>\n<\/strong><\/p>\n<p>PAULLO &#8211; Hanno ricevuto l&#8217;invito personalmente dal patron della scuderia Giancarlo Minardi e si sono subito attivati per garantire la presenza allo storico doppio evento. L&#8217;inaugurazione del nuovo bolide del team di Formula Uno (battezzato P.S.05) che verr\u00e0 quasi sicuramente utilizzato gi\u00e0 nel Gran Premio di San Marino, e la celebrazione dei venti anni di attivit\u00e0 agonistica nell&#8217;automobilismo del Minardi. Il Minardi Club Paullo-Castelleone, in collaborazione con il \u00abClub Clay Regazzoni\u00bb, ha organizzato gioved\u00ec la trasferta a Imola, box della scuderia all&#8217;Autodromo \u00abEnzo e Dino Ferrari\u00bb con la delegazione composta dal presidente Giacomo Tansini, che \u00e8 anche l&#8217;attivissimo leader del \u00abRegazzoni\u00bb, il vice don Gigi Avanti, parroco di Cadilana di Corte Palasio, noto come il \u00abprete volante\u00bb del Lodigiano, ed il consigliere Luciano Codazzi. Il gruppo \u00e8 stato ricevuto dalla attivissima e popolarissima segretaria di Minardi, Roberta Leonardi, la quale non manca mai alle iniziative sia del Minardi Club paullese che del \u00abRegazzoni\u00bb. Una visita emozionante: lodigiani delegati dei Minardi Club Usa, canadesi, sud-americani e australiani. Una accoglienza calorosa, che il gruppo lodigiano ha voluto coronare con la consegna a Minardi di una targa a doppia facciata (da una parte il Minardi Club e dall&#8217;altra il Regazzoni). (L.A.)<\/p>\n<p>&nbsp;<\/p>\n<p>&nbsp;<\/p>\n","protected":false},"excerpt":{"rendered":"<p>Il Giorno<\/p>\n","protected":false},"author":1,"featured_media":0,"comment_status":"closed","ping_status":"open","sticky":false,"template":"","format":"standard","meta":{"disable_featured_image":false,"ngg_post_thumbnail":0,"footnotes":""},"categories":[5],"tags":[],"class_list":["post-1902","post","type-post","status-publish","format-standard","hentry","category-rassegna-stampa"],"_links":{"self":[{"href":"https:\/\/www.clubclayregazzoni.it\/wps\/index.php\/wp-json\/wp\/v2\/posts\/1902","targetHints":{"allow":["GET"]}}],"collection":[{"href":"https:\/\/www.clubclayregazzoni.it\/wps\/index.php\/wp-json\/wp\/v2\/posts"}],"about":[{"href":"https:\/\/www.clubclayregazzoni.it\/wps\/index.php\/wp-json\/wp\/v2\/types\/post"}],"author":[{"embeddable":true,"href":"https:\/\/www.clubclayregazzoni.it\/wps\/index.php\/wp-json\/wp\/v2\/users\/1"}],"replies":[{"embeddable":true,"href":"https:\/\/www.clubclayregazzoni.it\/wps\/index.php\/wp-json\/wp\/v2\/comments?post=1902"}],"version-history":[{"count":1,"href":"https:\/\/www.clubclayregazzoni.it\/wps\/index.php\/wp-json\/wp\/v2\/posts\/1902\/revisions"}],"predecessor-version":[{"id":1903,"href":"https:\/\/www.clubclayregazzoni.it\/wps\/index.php\/wp-json\/wp\/v2\/posts\/1902\/revisions\/1903"}],"wp:attachment":[{"href":"https:\/\/www.clubclayregazzoni.it\/wps\/index.php\/wp-json\/wp\/v2\/media?parent=1902"}],"wp:term":[{"taxonomy":"category","embeddable":true,"href":"https:\/\/www.clubclayregazzoni.it\/wps\/index.php\/wp-json\/wp\/v2\/categories?post=1902"},{"taxonomy":"post_tag","embeddable":true,"href":"https:\/\/www.clubclayregazzoni.it\/wps\/index.php\/wp-json\/wp\/v2\/tags?post=1902"}],"curies":[{"name":"wp","href":"https:\/\/api.w.org\/{rel}","templated":true}]}}