{"id":861,"date":"2013-10-11T11:00:57","date_gmt":"2013-10-11T09:00:57","guid":{"rendered":"https:\/\/www.clubclayregazzoni.it\/wps\/?p=861"},"modified":"2023-05-01T11:01:31","modified_gmt":"2023-05-01T09:01:31","slug":"motori-accesi-con-la-ferrari-di-formula-uno","status":"publish","type":"post","link":"https:\/\/www.clubclayregazzoni.it\/wps\/index.php\/2013\/10\/11\/motori-accesi-con-la-ferrari-di-formula-uno\/","title":{"rendered":"Motori accesi con la Ferrari di Formula Uno"},"content":{"rendered":"<p>Testata: <strong>Il Cittadino<\/strong>.<\/p>\n<p><strong>PRESENTE NEL CORTILE LA VETTURA PILOTATA NEI GP DA JEAN ALESI<\/strong><\/p>\n<p>Sport e motori alla portata di tutti, alla sagra di Mulazzano. Nel cortile dell\u2019oratorio sar\u00e0 presente la Ferrari Gran Premio Formula Uno che \u00e8 stata guidata nei gran premi di tutto il mondo dal pilota francese Jean Alesi, un\u2019iniziativa che si \u00e8 concretizzara grazie alla collaborazione con il club Clay Regazzoni di Cadilana. Con la propria macchina fotografica sar\u00e0 possibile scattare una foto ricordo con la vettura, mentre per il paese sar\u00e0 possibile fare un giro su di una Ferrari nuova, su di una Maserati,una Peugeot da rally, una Due Cavalli da cross. E uno stand verr\u00e0 appositamente allestito per calendari e cappellini targati Ferrari. Non \u00e8 la prima volta che la sagra di Mulazzano vede la collaborazione del club Clay Regazzoni, il cui presidente, don Luigi Avanti, \u00e8 stato anche coadiutore in parrocchia dal 1975 al 1983. Don Avanti, che poi luned\u00ec 14 alle 20.30 presieder\u00e0 l\u2019ufficio per i defunti nella chiesa parrocchiale di Mulazzano, \u00e8 soprannominato \u201cil prete da corsa\u201d proprio per questa suapassione, che ha unito all\u2019impegno a favore della beneficenza,della ricerca scientifica e dell\u2019assistenza sociale e socio sanitaria. L\u2019associazione \u201cAiutiamo la paraplegia club Clay Regazzoni\u201d infatti \u00e8 operativa dal 1994 e all\u2019oratorio di Cadilana, dove don Avanti opera, \u00e8 allestito anche un museo espositivo dal Club Clay Regazzoni; nel 2002 per l\u2019inaugurazione della sede erapresente lo stesso Clay Regazzoni e nella sua scorta anche il carabiniere Giovanni Sali (ucciso un anno fa a Lodi).<\/p>\n<p>&nbsp;<\/p>\n<p>&nbsp;<\/p>\n","protected":false},"excerpt":{"rendered":"<p>Il Cittadino<\/p>\n","protected":false},"author":1,"featured_media":0,"comment_status":"closed","ping_status":"open","sticky":false,"template":"","format":"standard","meta":{"disable_featured_image":false,"ngg_post_thumbnail":0,"footnotes":""},"categories":[5],"tags":[],"class_list":["post-861","post","type-post","status-publish","format-standard","hentry","category-rassegna-stampa"],"_links":{"self":[{"href":"https:\/\/www.clubclayregazzoni.it\/wps\/index.php\/wp-json\/wp\/v2\/posts\/861","targetHints":{"allow":["GET"]}}],"collection":[{"href":"https:\/\/www.clubclayregazzoni.it\/wps\/index.php\/wp-json\/wp\/v2\/posts"}],"about":[{"href":"https:\/\/www.clubclayregazzoni.it\/wps\/index.php\/wp-json\/wp\/v2\/types\/post"}],"author":[{"embeddable":true,"href":"https:\/\/www.clubclayregazzoni.it\/wps\/index.php\/wp-json\/wp\/v2\/users\/1"}],"replies":[{"embeddable":true,"href":"https:\/\/www.clubclayregazzoni.it\/wps\/index.php\/wp-json\/wp\/v2\/comments?post=861"}],"version-history":[{"count":1,"href":"https:\/\/www.clubclayregazzoni.it\/wps\/index.php\/wp-json\/wp\/v2\/posts\/861\/revisions"}],"predecessor-version":[{"id":862,"href":"https:\/\/www.clubclayregazzoni.it\/wps\/index.php\/wp-json\/wp\/v2\/posts\/861\/revisions\/862"}],"wp:attachment":[{"href":"https:\/\/www.clubclayregazzoni.it\/wps\/index.php\/wp-json\/wp\/v2\/media?parent=861"}],"wp:term":[{"taxonomy":"category","embeddable":true,"href":"https:\/\/www.clubclayregazzoni.it\/wps\/index.php\/wp-json\/wp\/v2\/categories?post=861"},{"taxonomy":"post_tag","embeddable":true,"href":"https:\/\/www.clubclayregazzoni.it\/wps\/index.php\/wp-json\/wp\/v2\/tags?post=861"}],"curies":[{"name":"wp","href":"https:\/\/api.w.org\/{rel}","templated":true}]}}