{"id":980,"date":"2012-10-12T13:45:07","date_gmt":"2012-10-12T11:45:07","guid":{"rendered":"https:\/\/www.clubclayregazzoni.it\/wps\/?p=980"},"modified":"2023-05-01T13:45:42","modified_gmt":"2023-05-01T11:45:42","slug":"in-oratorio-la-scalata-al-palo-ingrassato-ma-la-novita-e-il-giro-del-paese-in-ferrari","status":"publish","type":"post","link":"https:\/\/www.clubclayregazzoni.it\/wps\/index.php\/2012\/10\/12\/in-oratorio-la-scalata-al-palo-ingrassato-ma-la-novita-e-il-giro-del-paese-in-ferrari\/","title":{"rendered":"In oratorio la scalata al palo ingrassato, ma la novit\u00e0 \u00e8 il giro del paese in Ferrari"},"content":{"rendered":"<p>Testata: <strong>Il Cittadino<\/strong>.<\/p>\n<p>Torna in oratorio la tradizionale scalata della cuccagna, alle ore 18 di domenica. Il gruppo che tenter\u00e0 l\u2019impresa girer\u00e0 per il paese gi\u00e0 dalle 17 per invitare le persone all\u2019appuntamento che quest\u2019anno vedr\u00e0 la presenza anche di una squadra femminile. La scalata alla cuccagna \u00e8 l\u2019avvenimento pi\u00f9 atteso del pomeriggio della sagra in oratorio, dove dalle ore 15 sar\u00e0 allestito uno stand con panini, salame crudo, salamella calda, raspad\u00fcra, patatine, trippa. Sempre dalle ore 15 sar\u00e0 presente anche una Ferrari Gran Premio di Formula Uno di Jean Alesi, e grazie al Club Clay Regazzoni di Paullo sar\u00e0 possibile posare per una foto ricordo con la propria macchina fotografica e fare un giro del paese su una Ferrari da corsa, con prenotazione del biglietto e offerta. A partire da sabato sera, dopo la processione, funzioner\u00e0 anche la tradizionale pesca di beneficenza e l\u2019intero fine settimana in oratorio si concluder\u00e0 domenica sera con la cena per tutti. \u00abCi sono sempre tanti volontari, gruppi e famiglie impegnati per aiutare la parrocchia a preparare la cuccagna, la pesca, la gastronomia, ma anche la chiesa e la processione di sabato &#8211; fa notare il parroco don Emilio Ardemani -. Quest\u2019anno poi abbiamo la novit\u00e0 della collaborazione del Club Regazzoni, di cui \u00e8 presidente don Luigi Avanti che qui a Mulazzano \u00e8 stato coadiutore\u00bb.<\/p>\n<p>&nbsp;<\/p>\n<p>&nbsp;<\/p>\n","protected":false},"excerpt":{"rendered":"<p>Il Cittadino<\/p>\n","protected":false},"author":1,"featured_media":0,"comment_status":"closed","ping_status":"open","sticky":false,"template":"","format":"standard","meta":{"disable_featured_image":false,"ngg_post_thumbnail":0,"footnotes":""},"categories":[5],"tags":[],"class_list":["post-980","post","type-post","status-publish","format-standard","hentry","category-rassegna-stampa"],"_links":{"self":[{"href":"https:\/\/www.clubclayregazzoni.it\/wps\/index.php\/wp-json\/wp\/v2\/posts\/980","targetHints":{"allow":["GET"]}}],"collection":[{"href":"https:\/\/www.clubclayregazzoni.it\/wps\/index.php\/wp-json\/wp\/v2\/posts"}],"about":[{"href":"https:\/\/www.clubclayregazzoni.it\/wps\/index.php\/wp-json\/wp\/v2\/types\/post"}],"author":[{"embeddable":true,"href":"https:\/\/www.clubclayregazzoni.it\/wps\/index.php\/wp-json\/wp\/v2\/users\/1"}],"replies":[{"embeddable":true,"href":"https:\/\/www.clubclayregazzoni.it\/wps\/index.php\/wp-json\/wp\/v2\/comments?post=980"}],"version-history":[{"count":1,"href":"https:\/\/www.clubclayregazzoni.it\/wps\/index.php\/wp-json\/wp\/v2\/posts\/980\/revisions"}],"predecessor-version":[{"id":981,"href":"https:\/\/www.clubclayregazzoni.it\/wps\/index.php\/wp-json\/wp\/v2\/posts\/980\/revisions\/981"}],"wp:attachment":[{"href":"https:\/\/www.clubclayregazzoni.it\/wps\/index.php\/wp-json\/wp\/v2\/media?parent=980"}],"wp:term":[{"taxonomy":"category","embeddable":true,"href":"https:\/\/www.clubclayregazzoni.it\/wps\/index.php\/wp-json\/wp\/v2\/categories?post=980"},{"taxonomy":"post_tag","embeddable":true,"href":"https:\/\/www.clubclayregazzoni.it\/wps\/index.php\/wp-json\/wp\/v2\/tags?post=980"}],"curies":[{"name":"wp","href":"https:\/\/api.w.org\/{rel}","templated":true}]}}